{"id":7014,"date":"2014-11-20T10:21:34","date_gmt":"2014-11-20T15:21:34","guid":{"rendered":"https:\/\/brainjusticeny.com\/?p=7014"},"modified":"2021-10-19T08:45:32","modified_gmt":"2021-10-19T12:45:32","slug":"michael-flomenhaft-presidio-y-presento-en-la-historica-jornada-neuroscience-in-the-courtroom-en-la-facultad-de-derecho-de-fordham-2","status":"publish","type":"post","link":"https:\/\/brainjusticeny.com\/es\/michael-flomenhaft-presidio-y-presento-en-la-historica-jornada-neuroscience-in-the-courtroom-en-la-facultad-de-derecho-de-fordham-2\/","title":{"rendered":"Michael Flomenhaft presidi\u00f3 y present\u00f3 en la hist\u00f3rica jornada: \u201cNeuroscience in the Courtroom\u201d en la Facultad de Derecho de Fordham"},"content":{"rendered":"<p><iframe title=\"Michael Flomenhaft Opening Remarks: Neuroscience in the Courtoom\" width=\"800\" height=\"450\" src=\"https:\/\/www.youtube.com\/embed\/9fRvw0_GA9g?feature=oembed\" frameborder=\"0\" allow=\"accelerometer; autoplay; clipboard-write; encrypted-media; gyroscope; picture-in-picture\" allowfullscreen><\/iframe><br \/>\nDiscurso de apertura de Michael Flomenhaft, Esq.<\/p>\n","protected":false},"excerpt":{"rendered":"<p>Discurso de apertura de Michael Flomenhaft, Esq.<\/p>\n","protected":false},"author":6,"featured_media":0,"comment_status":"closed","ping_status":"closed","sticky":false,"template":"","format":"standard","meta":{"footnotes":""},"categories":[41],"tags":[],"class_list":["post-7014","post","type-post","status-publish","format-standard","hentry","category-televised-events-and-videos-es"],"yoast_head":"<!-- This site is optimized with the Yoast SEO plugin v21.7 - https:\/\/yoast.com\/wordpress\/plugins\/seo\/ -->\n<title>Michael Flomenhaft presidi\u00f3 y present\u00f3 en la hist\u00f3rica jornada: \u201cNeuroscience in the Courtroom\u201d en la Facultad de Derecho de Fordham | The Flomenhaft Law Firm, PLLC<\/title>\n<meta name=\"description\" content=\"https:\/\/www.youtube.com\/watch?v=9fRvw0_GA9g Discurso de apertura de Michael Flomenhaft, Esq.\" \/>\n<meta name=\"robots\" content=\"index, follow, max-snippet:-1, max-image-preview:large, max-video-preview:-1\" \/>\n<link rel=\"canonical\" href=\"https:\/\/brainjusticeny.com\/es\/michael-flomenhaft-presidio-y-presento-en-la-historica-jornada-neuroscience-in-the-courtroom-en-la-facultad-de-derecho-de-fordham-2\/\" \/>\n<meta name=\"twitter:card\" content=\"summary_large_image\" \/>\n<meta name=\"twitter:title\" content=\"Michael Flomenhaft presidi\u00f3 y present\u00f3 en la hist\u00f3rica jornada: \u201cNeuroscience in the Courtroom\u201d en la Facultad de Derecho de Fordham | The Flomenhaft Law Firm, PLLC\" \/>\n<meta name=\"twitter:description\" content=\"https:\/\/www.youtube.com\/watch?v=9fRvw0_GA9g Discurso de apertura de Michael Flomenhaft, Esq.\" \/>\n<meta name=\"twitter:label1\" content=\"Escrito por\" \/>\n\t<meta name=\"twitter:data1\" content=\"neurolawny\" \/>\n<script type=\"application\/ld+json\" class=\"yoast-schema-graph\">{\"@context\":\"https:\/\/schema.org\",\"@graph\":[{\"@type\":\"Article\",\"@id\":\"https:\/\/brainjusticeny.com\/es\/michael-flomenhaft-presidio-y-presento-en-la-historica-jornada-neuroscience-in-the-courtroom-en-la-facultad-de-derecho-de-fordham-2\/#article\",\"isPartOf\":{\"@id\":\"https:\/\/brainjusticeny.com\/es\/michael-flomenhaft-presidio-y-presento-en-la-historica-jornada-neuroscience-in-the-courtroom-en-la-facultad-de-derecho-de-fordham-2\/\"},\"author\":{\"name\":\"neurolawny\",\"@id\":\"https:\/\/brainjusticeny.com\/es\/#\/schema\/person\/ba952d00c18d560b8ae60961287497e1\"},\"headline\":\"Michael Flomenhaft presidi\u00f3 y present\u00f3 en la hist\u00f3rica jornada: \u201cNeuroscience in the Courtroom\u201d en la Facultad de Derecho de Fordham\",\"datePublished\":\"2014-11-20T15:21:34+00:00\",\"dateModified\":\"2021-10-19T12:45:32+00:00\",\"mainEntityOfPage\":{\"@id\":\"https:\/\/brainjusticeny.com\/es\/michael-flomenhaft-presidio-y-presento-en-la-historica-jornada-neuroscience-in-the-courtroom-en-la-facultad-de-derecho-de-fordham-2\/\"},\"wordCount\":37,\"publisher\":{\"@id\":\"https:\/\/brainjusticeny.com\/es\/#organization\"},\"articleSection\":[\"Eventos Televisados, Videos, y Podcasts\"],\"inLanguage\":\"es\"},{\"@type\":\"WebPage\",\"@id\":\"https:\/\/brainjusticeny.com\/es\/michael-flomenhaft-presidio-y-presento-en-la-historica-jornada-neuroscience-in-the-courtroom-en-la-facultad-de-derecho-de-fordham-2\/\",\"url\":\"https:\/\/brainjusticeny.com\/es\/michael-flomenhaft-presidio-y-presento-en-la-historica-jornada-neuroscience-in-the-courtroom-en-la-facultad-de-derecho-de-fordham-2\/\",\"name\":\"Michael Flomenhaft presidi\u00f3 y present\u00f3 en la hist\u00f3rica jornada: \u201cNeuroscience in the Courtroom\u201d en la Facultad de Derecho de Fordham | The Flomenhaft Law Firm, PLLC\",\"isPartOf\":{\"@id\":\"https:\/\/brainjusticeny.com\/es\/#website\"},\"datePublished\":\"2014-11-20T15:21:34+00:00\",\"dateModified\":\"2021-10-19T12:45:32+00:00\",\"description\":\"https:\/\/www.youtube.com\/watch?v=9fRvw0_GA9g Discurso de apertura de Michael Flomenhaft, Esq.\",\"breadcrumb\":{\"@id\":\"https:\/\/brainjusticeny.com\/es\/michael-flomenhaft-presidio-y-presento-en-la-historica-jornada-neuroscience-in-the-courtroom-en-la-facultad-de-derecho-de-fordham-2\/#breadcrumb\"},\"inLanguage\":\"es\",\"potentialAction\":[{\"@type\":\"ReadAction\",\"target\":[\"https:\/\/brainjusticeny.com\/es\/michael-flomenhaft-presidio-y-presento-en-la-historica-jornada-neuroscience-in-the-courtroom-en-la-facultad-de-derecho-de-fordham-2\/\"]}]},{\"@type\":\"BreadcrumbList\",\"@id\":\"https:\/\/brainjusticeny.com\/es\/michael-flomenhaft-presidio-y-presento-en-la-historica-jornada-neuroscience-in-the-courtroom-en-la-facultad-de-derecho-de-fordham-2\/#breadcrumb\",\"itemListElement\":[{\"@type\":\"ListItem\",\"position\":1,\"name\":\"Home\",\"item\":\"https:\/\/brainjusticeny.com\/es\/\"},{\"@type\":\"ListItem\",\"position\":2,\"name\":\"Michael Flomenhaft presidi\u00f3 y present\u00f3 en la hist\u00f3rica jornada: \u201cNeuroscience in the Courtroom\u201d en la Facultad de Derecho de Fordham\"}]},{\"@type\":\"WebSite\",\"@id\":\"https:\/\/brainjusticeny.com\/es\/#website\",\"url\":\"https:\/\/brainjusticeny.com\/es\/\",\"name\":\"The Flomenhaft Law Firm, PLLC\",\"description\":\"Lawyers for the traumatically brain injured or negligence victims suffering severe chronic pain\",\"publisher\":{\"@id\":\"https:\/\/brainjusticeny.com\/es\/#organization\"},\"potentialAction\":[{\"@type\":\"SearchAction\",\"target\":{\"@type\":\"EntryPoint\",\"urlTemplate\":\"https:\/\/brainjusticeny.com\/es\/?s={search_term_string}\"},\"query-input\":\"required name=search_term_string\"}],\"inLanguage\":\"es\"},{\"@type\":\"Organization\",\"@id\":\"https:\/\/brainjusticeny.com\/es\/#organization\",\"name\":\"The Flomenhaft Law Firm, PLLC\",\"url\":\"https:\/\/brainjusticeny.com\/es\/\",\"logo\":{\"@type\":\"ImageObject\",\"inLanguage\":\"es\",\"@id\":\"https:\/\/brainjusticeny.com\/es\/#\/schema\/logo\/image\/\",\"url\":\"https:\/\/brainjusticeny.com\/wp-content\/uploads\/flomenhaft-logo-pllc-1.jpg\",\"contentUrl\":\"https:\/\/brainjusticeny.com\/wp-content\/uploads\/flomenhaft-logo-pllc-1.jpg\",\"width\":229,\"height\":52,\"caption\":\"The Flomenhaft Law Firm, PLLC\"},\"image\":{\"@id\":\"https:\/\/brainjusticeny.com\/es\/#\/schema\/logo\/image\/\"}},{\"@type\":\"Person\",\"@id\":\"https:\/\/brainjusticeny.com\/es\/#\/schema\/person\/ba952d00c18d560b8ae60961287497e1\",\"name\":\"neurolawny\",\"url\":\"https:\/\/brainjusticeny.com\/es\/author\/neurolawny\/\"}]}<\/script>\n<!-- \/ Yoast SEO plugin. -->","yoast_head_json":{"title":"Michael Flomenhaft presidi\u00f3 y present\u00f3 en la hist\u00f3rica jornada: \u201cNeuroscience in the Courtroom\u201d en la Facultad de Derecho de Fordham | The Flomenhaft Law Firm, PLLC","description":"https:\/\/www.youtube.com\/watch?v=9fRvw0_GA9g Discurso de apertura de Michael Flomenhaft, Esq.","robots":{"index":"index","follow":"follow","max-snippet":"max-snippet:-1","max-image-preview":"max-image-preview:large","max-video-preview":"max-video-preview:-1"},"canonical":"https:\/\/brainjusticeny.com\/es\/michael-flomenhaft-presidio-y-presento-en-la-historica-jornada-neuroscience-in-the-courtroom-en-la-facultad-de-derecho-de-fordham-2\/","twitter_card":"summary_large_image","twitter_title":"Michael Flomenhaft presidi\u00f3 y present\u00f3 en la hist\u00f3rica jornada: \u201cNeuroscience in the Courtroom\u201d en la Facultad de Derecho de Fordham | The Flomenhaft Law Firm, PLLC","twitter_description":"https:\/\/www.youtube.com\/watch?v=9fRvw0_GA9g Discurso de apertura de Michael Flomenhaft, Esq.","twitter_misc":{"Escrito por":"neurolawny"},"schema":{"@context":"https:\/\/schema.org","@graph":[{"@type":"Article","@id":"https:\/\/brainjusticeny.com\/es\/michael-flomenhaft-presidio-y-presento-en-la-historica-jornada-neuroscience-in-the-courtroom-en-la-facultad-de-derecho-de-fordham-2\/#article","isPartOf":{"@id":"https:\/\/brainjusticeny.com\/es\/michael-flomenhaft-presidio-y-presento-en-la-historica-jornada-neuroscience-in-the-courtroom-en-la-facultad-de-derecho-de-fordham-2\/"},"author":{"name":"neurolawny","@id":"https:\/\/brainjusticeny.com\/es\/#\/schema\/person\/ba952d00c18d560b8ae60961287497e1"},"headline":"Michael Flomenhaft presidi\u00f3 y present\u00f3 en la hist\u00f3rica jornada: \u201cNeuroscience in the Courtroom\u201d en la Facultad de Derecho de Fordham","datePublished":"2014-11-20T15:21:34+00:00","dateModified":"2021-10-19T12:45:32+00:00","mainEntityOfPage":{"@id":"https:\/\/brainjusticeny.com\/es\/michael-flomenhaft-presidio-y-presento-en-la-historica-jornada-neuroscience-in-the-courtroom-en-la-facultad-de-derecho-de-fordham-2\/"},"wordCount":37,"publisher":{"@id":"https:\/\/brainjusticeny.com\/es\/#organization"},"articleSection":["Eventos Televisados, Videos, y Podcasts"],"inLanguage":"es"},{"@type":"WebPage","@id":"https:\/\/brainjusticeny.com\/es\/michael-flomenhaft-presidio-y-presento-en-la-historica-jornada-neuroscience-in-the-courtroom-en-la-facultad-de-derecho-de-fordham-2\/","url":"https:\/\/brainjusticeny.com\/es\/michael-flomenhaft-presidio-y-presento-en-la-historica-jornada-neuroscience-in-the-courtroom-en-la-facultad-de-derecho-de-fordham-2\/","name":"Michael Flomenhaft presidi\u00f3 y present\u00f3 en la hist\u00f3rica jornada: \u201cNeuroscience in the Courtroom\u201d en la Facultad de Derecho de Fordham | The Flomenhaft Law Firm, PLLC","isPartOf":{"@id":"https:\/\/brainjusticeny.com\/es\/#website"},"datePublished":"2014-11-20T15:21:34+00:00","dateModified":"2021-10-19T12:45:32+00:00","description":"https:\/\/www.youtube.com\/watch?v=9fRvw0_GA9g Discurso de apertura de Michael Flomenhaft, Esq.","breadcrumb":{"@id":"https:\/\/brainjusticeny.com\/es\/michael-flomenhaft-presidio-y-presento-en-la-historica-jornada-neuroscience-in-the-courtroom-en-la-facultad-de-derecho-de-fordham-2\/#breadcrumb"},"inLanguage":"es","potentialAction":[{"@type":"ReadAction","target":["https:\/\/brainjusticeny.com\/es\/michael-flomenhaft-presidio-y-presento-en-la-historica-jornada-neuroscience-in-the-courtroom-en-la-facultad-de-derecho-de-fordham-2\/"]}]},{"@type":"BreadcrumbList","@id":"https:\/\/brainjusticeny.com\/es\/michael-flomenhaft-presidio-y-presento-en-la-historica-jornada-neuroscience-in-the-courtroom-en-la-facultad-de-derecho-de-fordham-2\/#breadcrumb","itemListElement":[{"@type":"ListItem","position":1,"name":"Home","item":"https:\/\/brainjusticeny.com\/es\/"},{"@type":"ListItem","position":2,"name":"Michael Flomenhaft presidi\u00f3 y present\u00f3 en la hist\u00f3rica jornada: \u201cNeuroscience in the Courtroom\u201d en la Facultad de Derecho de Fordham"}]},{"@type":"WebSite","@id":"https:\/\/brainjusticeny.com\/es\/#website","url":"https:\/\/brainjusticeny.com\/es\/","name":"The Flomenhaft Law Firm, PLLC","description":"Lawyers for the traumatically brain injured or negligence victims suffering severe chronic pain","publisher":{"@id":"https:\/\/brainjusticeny.com\/es\/#organization"},"potentialAction":[{"@type":"SearchAction","target":{"@type":"EntryPoint","urlTemplate":"https:\/\/brainjusticeny.com\/es\/?s={search_term_string}"},"query-input":"required name=search_term_string"}],"inLanguage":"es"},{"@type":"Organization","@id":"https:\/\/brainjusticeny.com\/es\/#organization","name":"The Flomenhaft Law Firm, PLLC","url":"https:\/\/brainjusticeny.com\/es\/","logo":{"@type":"ImageObject","inLanguage":"es","@id":"https:\/\/brainjusticeny.com\/es\/#\/schema\/logo\/image\/","url":"https:\/\/brainjusticeny.com\/wp-content\/uploads\/flomenhaft-logo-pllc-1.jpg","contentUrl":"https:\/\/brainjusticeny.com\/wp-content\/uploads\/flomenhaft-logo-pllc-1.jpg","width":229,"height":52,"caption":"The Flomenhaft Law Firm, PLLC"},"image":{"@id":"https:\/\/brainjusticeny.com\/es\/#\/schema\/logo\/image\/"}},{"@type":"Person","@id":"https:\/\/brainjusticeny.com\/es\/#\/schema\/person\/ba952d00c18d560b8ae60961287497e1","name":"neurolawny","url":"https:\/\/brainjusticeny.com\/es\/author\/neurolawny\/"}]}},"_links":{"self":[{"href":"https:\/\/brainjusticeny.com\/es\/wp-json\/wp\/v2\/posts\/7014","targetHints":{"allow":["GET"]}}],"collection":[{"href":"https:\/\/brainjusticeny.com\/es\/wp-json\/wp\/v2\/posts"}],"about":[{"href":"https:\/\/brainjusticeny.com\/es\/wp-json\/wp\/v2\/types\/post"}],"author":[{"embeddable":true,"href":"https:\/\/brainjusticeny.com\/es\/wp-json\/wp\/v2\/users\/6"}],"replies":[{"embeddable":true,"href":"https:\/\/brainjusticeny.com\/es\/wp-json\/wp\/v2\/comments?post=7014"}],"version-history":[{"count":0,"href":"https:\/\/brainjusticeny.com\/es\/wp-json\/wp\/v2\/posts\/7014\/revisions"}],"wp:attachment":[{"href":"https:\/\/brainjusticeny.com\/es\/wp-json\/wp\/v2\/media?parent=7014"}],"wp:term":[{"taxonomy":"category","embeddable":true,"href":"https:\/\/brainjusticeny.com\/es\/wp-json\/wp\/v2\/categories?post=7014"},{"taxonomy":"post_tag","embeddable":true,"href":"https:\/\/brainjusticeny.com\/es\/wp-json\/wp\/v2\/tags?post=7014"}],"curies":[{"name":"wp","href":"https:\/\/api.w.org\/{rel}","templated":true}]}}