{"id":3004,"date":"2015-06-15T12:42:32","date_gmt":"2015-06-15T16:42:32","guid":{"rendered":"https:\/\/brainjusticeny.com\/?p=3004"},"modified":"2020-01-15T13:30:15","modified_gmt":"2020-01-15T18:30:15","slug":"benedene-cannata-fue-moderadora-del-curso-judicial-de-educacion-continua-cle-doctors-and-their-records-at-trial-patrocinado-por-la-academia-de-abogados-litigantes-del-estado-de-nue","status":"publish","type":"post","link":"https:\/\/brainjusticeny.com\/es\/benedene-cannata-fue-moderadora-del-curso-judicial-de-educacion-continua-cle-doctors-and-their-records-at-trial-patrocinado-por-la-academia-de-abogados-litigantes-del-estado-de-nue\/","title":{"rendered":"Benedene Cannata fue moderadora del curso judicial de educaci\u00f3n continua (CLE) \u201cDoctors and Their Records at Trial\u201d patrocinado por la Academia de Abogados Litigantes del Estado de Nueva York"},"content":{"rendered":"<p><span style=\"font-weight: 400;\">Como decana de la Academia de Abogados Litigantes del Estado de Nueva York, Benedene Cannata moder\u00f3 una mesa redonda sobre c\u00f3mo conseguir que los expedientes m\u00e9dicos sean admitidos como prueba. Ella prepar\u00f3 materiales escritos detallados y dirigi\u00f3 el curso como un taller.\u00a0\u00a0<\/span><\/p>\n<p>La Sra. Cannata es una frecuente oradora sobre este tema popular para la Academia de Abogados Litigantes del Estado de Nueva York. V\u00e9ase sus comentarios de apertura a continuaci\u00f3n.<\/p>\n<p><iframe title=\"Benedene Cannata, Esq. Introductory Remarks\" width=\"800\" height=\"450\" src=\"https:\/\/www.youtube.com\/embed\/-4OPqzqkZyA?feature=oembed\" frameborder=\"0\" allow=\"accelerometer; autoplay; clipboard-write; encrypted-media; gyroscope; picture-in-picture\" allowfullscreen><\/iframe><\/p>\n","protected":false},"excerpt":{"rendered":"<p>Como decana de la Academia de Abogados Litigantes del Estado de Nueva York, Benedene Cannata moder\u00f3 una mesa redonda sobre c\u00f3mo conseguir que los expedientes m\u00e9dicos sean admitidos como prueba. Ella prepar\u00f3 materiales escritos detallados y dirigi\u00f3 el curso como un taller.\u00a0\u00a0 La Sra. Cannata es una frecuente oradora sobre este tema popular para la [&hellip;]<\/p>\n","protected":false},"author":6,"featured_media":0,"comment_status":"closed","ping_status":"closed","sticky":false,"template":"","format":"standard","meta":{"footnotes":""},"categories":[41,42],"tags":[],"class_list":["post-3004","post","type-post","status-publish","format-standard","hentry","category-televised-events-and-videos-es","category-noticias"],"yoast_head":"<!-- This site is optimized with the Yoast SEO plugin v21.7 - https:\/\/yoast.com\/wordpress\/plugins\/seo\/ -->\n<title>Benedene Cannata fue moderadora del curso judicial de educaci\u00f3n continua (CLE) \u201cDoctors and Their Records at Trial\u201d patrocinado por la Academia de Abogados Litigantes del Estado de Nueva York | The Flomenhaft Law Firm, PLLC<\/title>\n<meta name=\"description\" content=\"Como decana de la Academia de Abogados Litigantes del Estado de Nueva York, Benedene Cannata moder\u00f3 una mesa redonda sobre c\u00f3mo conseguir que los\" \/>\n<meta name=\"robots\" content=\"index, follow, max-snippet:-1, max-image-preview:large, max-video-preview:-1\" \/>\n<link rel=\"canonical\" href=\"https:\/\/brainjusticeny.com\/es\/benedene-cannata-fue-moderadora-del-curso-judicial-de-educacion-continua-cle-doctors-and-their-records-at-trial-patrocinado-por-la-academia-de-abogados-litigantes-del-estado-de-nue\/\" \/>\n<meta name=\"twitter:card\" content=\"summary_large_image\" \/>\n<meta name=\"twitter:title\" content=\"Benedene Cannata fue moderadora del curso judicial de educaci\u00f3n continua (CLE) \u201cDoctors and Their Records at Trial\u201d patrocinado por la Academia de Abogados Litigantes del Estado de Nueva York | The Flomenhaft Law Firm, PLLC\" \/>\n<meta name=\"twitter:description\" content=\"Como decana de la Academia de Abogados Litigantes del Estado de Nueva York, Benedene Cannata moder\u00f3 una mesa redonda sobre c\u00f3mo conseguir que los\" \/>\n<meta name=\"twitter:label1\" content=\"Escrito por\" \/>\n\t<meta name=\"twitter:data1\" content=\"neurolawny\" \/>\n<script type=\"application\/ld+json\" class=\"yoast-schema-graph\">{\"@context\":\"https:\/\/schema.org\",\"@graph\":[{\"@type\":\"Article\",\"@id\":\"https:\/\/brainjusticeny.com\/es\/benedene-cannata-fue-moderadora-del-curso-judicial-de-educacion-continua-cle-doctors-and-their-records-at-trial-patrocinado-por-la-academia-de-abogados-litigantes-del-estado-de-nue\/#article\",\"isPartOf\":{\"@id\":\"https:\/\/brainjusticeny.com\/es\/benedene-cannata-fue-moderadora-del-curso-judicial-de-educacion-continua-cle-doctors-and-their-records-at-trial-patrocinado-por-la-academia-de-abogados-litigantes-del-estado-de-nue\/\"},\"author\":{\"name\":\"neurolawny\",\"@id\":\"https:\/\/brainjusticeny.com\/es\/#\/schema\/person\/ba952d00c18d560b8ae60961287497e1\"},\"headline\":\"Benedene Cannata fue moderadora del curso judicial de educaci\u00f3n continua (CLE) \u201cDoctors and Their Records at Trial\u201d patrocinado por la Academia de Abogados Litigantes del Estado de Nueva York\",\"datePublished\":\"2015-06-15T16:42:32+00:00\",\"dateModified\":\"2020-01-15T18:30:15+00:00\",\"mainEntityOfPage\":{\"@id\":\"https:\/\/brainjusticeny.com\/es\/benedene-cannata-fue-moderadora-del-curso-judicial-de-educacion-continua-cle-doctors-and-their-records-at-trial-patrocinado-por-la-academia-de-abogados-litigantes-del-estado-de-nue\/\"},\"wordCount\":113,\"publisher\":{\"@id\":\"https:\/\/brainjusticeny.com\/es\/#organization\"},\"articleSection\":[\"Eventos Televisados, Videos, y Podcasts\",\"Noticias\"],\"inLanguage\":\"es\"},{\"@type\":\"WebPage\",\"@id\":\"https:\/\/brainjusticeny.com\/es\/benedene-cannata-fue-moderadora-del-curso-judicial-de-educacion-continua-cle-doctors-and-their-records-at-trial-patrocinado-por-la-academia-de-abogados-litigantes-del-estado-de-nue\/\",\"url\":\"https:\/\/brainjusticeny.com\/es\/benedene-cannata-fue-moderadora-del-curso-judicial-de-educacion-continua-cle-doctors-and-their-records-at-trial-patrocinado-por-la-academia-de-abogados-litigantes-del-estado-de-nue\/\",\"name\":\"Benedene Cannata fue moderadora del curso judicial de educaci\u00f3n continua (CLE) \u201cDoctors and Their Records at Trial\u201d patrocinado por la Academia de Abogados Litigantes del Estado de Nueva York | The Flomenhaft Law Firm, PLLC\",\"isPartOf\":{\"@id\":\"https:\/\/brainjusticeny.com\/es\/#website\"},\"datePublished\":\"2015-06-15T16:42:32+00:00\",\"dateModified\":\"2020-01-15T18:30:15+00:00\",\"description\":\"Como decana de la Academia de Abogados Litigantes del Estado de Nueva York, Benedene Cannata moder\u00f3 una mesa redonda sobre c\u00f3mo conseguir que los\",\"breadcrumb\":{\"@id\":\"https:\/\/brainjusticeny.com\/es\/benedene-cannata-fue-moderadora-del-curso-judicial-de-educacion-continua-cle-doctors-and-their-records-at-trial-patrocinado-por-la-academia-de-abogados-litigantes-del-estado-de-nue\/#breadcrumb\"},\"inLanguage\":\"es\",\"potentialAction\":[{\"@type\":\"ReadAction\",\"target\":[\"https:\/\/brainjusticeny.com\/es\/benedene-cannata-fue-moderadora-del-curso-judicial-de-educacion-continua-cle-doctors-and-their-records-at-trial-patrocinado-por-la-academia-de-abogados-litigantes-del-estado-de-nue\/\"]}]},{\"@type\":\"BreadcrumbList\",\"@id\":\"https:\/\/brainjusticeny.com\/es\/benedene-cannata-fue-moderadora-del-curso-judicial-de-educacion-continua-cle-doctors-and-their-records-at-trial-patrocinado-por-la-academia-de-abogados-litigantes-del-estado-de-nue\/#breadcrumb\",\"itemListElement\":[{\"@type\":\"ListItem\",\"position\":1,\"name\":\"Home\",\"item\":\"https:\/\/brainjusticeny.com\/es\/\"},{\"@type\":\"ListItem\",\"position\":2,\"name\":\"Benedene Cannata fue moderadora del curso judicial de educaci\u00f3n continua (CLE) \u201cDoctors and Their Records at Trial\u201d patrocinado por la Academia de Abogados Litigantes del Estado de Nueva York\"}]},{\"@type\":\"WebSite\",\"@id\":\"https:\/\/brainjusticeny.com\/es\/#website\",\"url\":\"https:\/\/brainjusticeny.com\/es\/\",\"name\":\"The Flomenhaft Law Firm, PLLC\",\"description\":\"Lawyers for the traumatically brain injured or negligence victims suffering severe chronic pain\",\"publisher\":{\"@id\":\"https:\/\/brainjusticeny.com\/es\/#organization\"},\"potentialAction\":[{\"@type\":\"SearchAction\",\"target\":{\"@type\":\"EntryPoint\",\"urlTemplate\":\"https:\/\/brainjusticeny.com\/es\/?s={search_term_string}\"},\"query-input\":\"required name=search_term_string\"}],\"inLanguage\":\"es\"},{\"@type\":\"Organization\",\"@id\":\"https:\/\/brainjusticeny.com\/es\/#organization\",\"name\":\"The Flomenhaft Law Firm, PLLC\",\"url\":\"https:\/\/brainjusticeny.com\/es\/\",\"logo\":{\"@type\":\"ImageObject\",\"inLanguage\":\"es\",\"@id\":\"https:\/\/brainjusticeny.com\/es\/#\/schema\/logo\/image\/\",\"url\":\"https:\/\/brainjusticeny.com\/wp-content\/uploads\/flomenhaft-logo-pllc-1.jpg\",\"contentUrl\":\"https:\/\/brainjusticeny.com\/wp-content\/uploads\/flomenhaft-logo-pllc-1.jpg\",\"width\":229,\"height\":52,\"caption\":\"The Flomenhaft Law Firm, PLLC\"},\"image\":{\"@id\":\"https:\/\/brainjusticeny.com\/es\/#\/schema\/logo\/image\/\"}},{\"@type\":\"Person\",\"@id\":\"https:\/\/brainjusticeny.com\/es\/#\/schema\/person\/ba952d00c18d560b8ae60961287497e1\",\"name\":\"neurolawny\",\"url\":\"https:\/\/brainjusticeny.com\/es\/author\/neurolawny\/\"}]}<\/script>\n<!-- \/ Yoast SEO plugin. -->","yoast_head_json":{"title":"Benedene Cannata fue moderadora del curso judicial de educaci\u00f3n continua (CLE) \u201cDoctors and Their Records at Trial\u201d patrocinado por la Academia de Abogados Litigantes del Estado de Nueva York | The Flomenhaft Law Firm, PLLC","description":"Como decana de la Academia de Abogados Litigantes del Estado de Nueva York, Benedene Cannata moder\u00f3 una mesa redonda sobre c\u00f3mo conseguir que los","robots":{"index":"index","follow":"follow","max-snippet":"max-snippet:-1","max-image-preview":"max-image-preview:large","max-video-preview":"max-video-preview:-1"},"canonical":"https:\/\/brainjusticeny.com\/es\/benedene-cannata-fue-moderadora-del-curso-judicial-de-educacion-continua-cle-doctors-and-their-records-at-trial-patrocinado-por-la-academia-de-abogados-litigantes-del-estado-de-nue\/","twitter_card":"summary_large_image","twitter_title":"Benedene Cannata fue moderadora del curso judicial de educaci\u00f3n continua (CLE) \u201cDoctors and Their Records at Trial\u201d patrocinado por la Academia de Abogados Litigantes del Estado de Nueva York | The Flomenhaft Law Firm, PLLC","twitter_description":"Como decana de la Academia de Abogados Litigantes del Estado de Nueva York, Benedene Cannata moder\u00f3 una mesa redonda sobre c\u00f3mo conseguir que los","twitter_misc":{"Escrito por":"neurolawny"},"schema":{"@context":"https:\/\/schema.org","@graph":[{"@type":"Article","@id":"https:\/\/brainjusticeny.com\/es\/benedene-cannata-fue-moderadora-del-curso-judicial-de-educacion-continua-cle-doctors-and-their-records-at-trial-patrocinado-por-la-academia-de-abogados-litigantes-del-estado-de-nue\/#article","isPartOf":{"@id":"https:\/\/brainjusticeny.com\/es\/benedene-cannata-fue-moderadora-del-curso-judicial-de-educacion-continua-cle-doctors-and-their-records-at-trial-patrocinado-por-la-academia-de-abogados-litigantes-del-estado-de-nue\/"},"author":{"name":"neurolawny","@id":"https:\/\/brainjusticeny.com\/es\/#\/schema\/person\/ba952d00c18d560b8ae60961287497e1"},"headline":"Benedene Cannata fue moderadora del curso judicial de educaci\u00f3n continua (CLE) \u201cDoctors and Their Records at Trial\u201d patrocinado por la Academia de Abogados Litigantes del Estado de Nueva York","datePublished":"2015-06-15T16:42:32+00:00","dateModified":"2020-01-15T18:30:15+00:00","mainEntityOfPage":{"@id":"https:\/\/brainjusticeny.com\/es\/benedene-cannata-fue-moderadora-del-curso-judicial-de-educacion-continua-cle-doctors-and-their-records-at-trial-patrocinado-por-la-academia-de-abogados-litigantes-del-estado-de-nue\/"},"wordCount":113,"publisher":{"@id":"https:\/\/brainjusticeny.com\/es\/#organization"},"articleSection":["Eventos Televisados, Videos, y Podcasts","Noticias"],"inLanguage":"es"},{"@type":"WebPage","@id":"https:\/\/brainjusticeny.com\/es\/benedene-cannata-fue-moderadora-del-curso-judicial-de-educacion-continua-cle-doctors-and-their-records-at-trial-patrocinado-por-la-academia-de-abogados-litigantes-del-estado-de-nue\/","url":"https:\/\/brainjusticeny.com\/es\/benedene-cannata-fue-moderadora-del-curso-judicial-de-educacion-continua-cle-doctors-and-their-records-at-trial-patrocinado-por-la-academia-de-abogados-litigantes-del-estado-de-nue\/","name":"Benedene Cannata fue moderadora del curso judicial de educaci\u00f3n continua (CLE) \u201cDoctors and Their Records at Trial\u201d patrocinado por la Academia de Abogados Litigantes del Estado de Nueva York | The Flomenhaft Law Firm, PLLC","isPartOf":{"@id":"https:\/\/brainjusticeny.com\/es\/#website"},"datePublished":"2015-06-15T16:42:32+00:00","dateModified":"2020-01-15T18:30:15+00:00","description":"Como decana de la Academia de Abogados Litigantes del Estado de Nueva York, Benedene Cannata moder\u00f3 una mesa redonda sobre c\u00f3mo conseguir que los","breadcrumb":{"@id":"https:\/\/brainjusticeny.com\/es\/benedene-cannata-fue-moderadora-del-curso-judicial-de-educacion-continua-cle-doctors-and-their-records-at-trial-patrocinado-por-la-academia-de-abogados-litigantes-del-estado-de-nue\/#breadcrumb"},"inLanguage":"es","potentialAction":[{"@type":"ReadAction","target":["https:\/\/brainjusticeny.com\/es\/benedene-cannata-fue-moderadora-del-curso-judicial-de-educacion-continua-cle-doctors-and-their-records-at-trial-patrocinado-por-la-academia-de-abogados-litigantes-del-estado-de-nue\/"]}]},{"@type":"BreadcrumbList","@id":"https:\/\/brainjusticeny.com\/es\/benedene-cannata-fue-moderadora-del-curso-judicial-de-educacion-continua-cle-doctors-and-their-records-at-trial-patrocinado-por-la-academia-de-abogados-litigantes-del-estado-de-nue\/#breadcrumb","itemListElement":[{"@type":"ListItem","position":1,"name":"Home","item":"https:\/\/brainjusticeny.com\/es\/"},{"@type":"ListItem","position":2,"name":"Benedene Cannata fue moderadora del curso judicial de educaci\u00f3n continua (CLE) \u201cDoctors and Their Records at Trial\u201d patrocinado por la Academia de Abogados Litigantes del Estado de Nueva York"}]},{"@type":"WebSite","@id":"https:\/\/brainjusticeny.com\/es\/#website","url":"https:\/\/brainjusticeny.com\/es\/","name":"The Flomenhaft Law Firm, PLLC","description":"Lawyers for the traumatically brain injured or negligence victims suffering severe chronic pain","publisher":{"@id":"https:\/\/brainjusticeny.com\/es\/#organization"},"potentialAction":[{"@type":"SearchAction","target":{"@type":"EntryPoint","urlTemplate":"https:\/\/brainjusticeny.com\/es\/?s={search_term_string}"},"query-input":"required name=search_term_string"}],"inLanguage":"es"},{"@type":"Organization","@id":"https:\/\/brainjusticeny.com\/es\/#organization","name":"The Flomenhaft Law Firm, PLLC","url":"https:\/\/brainjusticeny.com\/es\/","logo":{"@type":"ImageObject","inLanguage":"es","@id":"https:\/\/brainjusticeny.com\/es\/#\/schema\/logo\/image\/","url":"https:\/\/brainjusticeny.com\/wp-content\/uploads\/flomenhaft-logo-pllc-1.jpg","contentUrl":"https:\/\/brainjusticeny.com\/wp-content\/uploads\/flomenhaft-logo-pllc-1.jpg","width":229,"height":52,"caption":"The Flomenhaft Law Firm, PLLC"},"image":{"@id":"https:\/\/brainjusticeny.com\/es\/#\/schema\/logo\/image\/"}},{"@type":"Person","@id":"https:\/\/brainjusticeny.com\/es\/#\/schema\/person\/ba952d00c18d560b8ae60961287497e1","name":"neurolawny","url":"https:\/\/brainjusticeny.com\/es\/author\/neurolawny\/"}]}},"_links":{"self":[{"href":"https:\/\/brainjusticeny.com\/es\/wp-json\/wp\/v2\/posts\/3004","targetHints":{"allow":["GET"]}}],"collection":[{"href":"https:\/\/brainjusticeny.com\/es\/wp-json\/wp\/v2\/posts"}],"about":[{"href":"https:\/\/brainjusticeny.com\/es\/wp-json\/wp\/v2\/types\/post"}],"author":[{"embeddable":true,"href":"https:\/\/brainjusticeny.com\/es\/wp-json\/wp\/v2\/users\/6"}],"replies":[{"embeddable":true,"href":"https:\/\/brainjusticeny.com\/es\/wp-json\/wp\/v2\/comments?post=3004"}],"version-history":[{"count":0,"href":"https:\/\/brainjusticeny.com\/es\/wp-json\/wp\/v2\/posts\/3004\/revisions"}],"wp:attachment":[{"href":"https:\/\/brainjusticeny.com\/es\/wp-json\/wp\/v2\/media?parent=3004"}],"wp:term":[{"taxonomy":"category","embeddable":true,"href":"https:\/\/brainjusticeny.com\/es\/wp-json\/wp\/v2\/categories?post=3004"},{"taxonomy":"post_tag","embeddable":true,"href":"https:\/\/brainjusticeny.com\/es\/wp-json\/wp\/v2\/tags?post=3004"}],"curies":[{"name":"wp","href":"https:\/\/api.w.org\/{rel}","templated":true}]}}