{"id":2967,"date":"2019-01-01T16:17:06","date_gmt":"2019-01-01T21:17:06","guid":{"rendered":"https:\/\/brainjusticeny.com\/?p=2967"},"modified":"2021-10-17T10:41:22","modified_gmt":"2021-10-17T14:41:22","slug":"michael-flomenhaft-hablo-sobre-la-lesion-cerebral-traumatica-en-el-programa-de-radio-real-life-times-news-del-reverendo-terry-lee-2","status":"publish","type":"post","link":"https:\/\/brainjusticeny.com\/es\/michael-flomenhaft-hablo-sobre-la-lesion-cerebral-traumatica-en-el-programa-de-radio-real-life-times-news-del-reverendo-terry-lee-2\/","title":{"rendered":"Michael Flomenhaft habl\u00f3 sobre la lesi\u00f3n cerebral traum\u00e1tica en el programa de radio real life times news del Reverendo Terry Lee"},"content":{"rendered":"<p>El 1 de enero de 2019, Michael Flomenhaft habl\u00f3 sobre la lesi\u00f3n cerebral traum\u00e1tica (\u00abTBI\u00bb) en el programa de radio Real Life Times News del reverendo Terry Lee. El programa atiende a los problemas que enfrenta la comunidad caribe\u00f1a de Brooklyn. Sus comentarios incluyeron una discusi\u00f3n sobre los accidentes automovil\u00edsticos como una de las principales causas de TBI, y explic\u00f3 que en estos accidentes, el latigazo cervical en vez del impacto directo en la cabeza es un mecanismo t\u00edpico del trauma cerebral. Tambi\u00e9n explic\u00f3 que a pesar del habla normal y la preservaci\u00f3n de la inteligencia, una lesi\u00f3n cerebral grave puede existir.<\/p>\n<p>Se pueden escuchar extractos de la entrevista a continuaci\u00f3n:<\/p>\n<!--[if lt IE 9]><script>document.createElement('audio');<\/script><![endif]-->\n<audio class=\"wp-audio-shortcode\" id=\"audio-2967-1\" preload=\"none\" style=\"width: 100%;\" controls=\"controls\"><source type=\"audio\/mpeg\" src=\"https:\/\/brainjusticeny.com\/wp-content\/uploads\/MFlomenhaft-Interview3-1-1-19-1_9_19-9.10-AM.m4a?_=1\" \/><a href=\"https:\/\/brainjusticeny.com\/wp-content\/uploads\/MFlomenhaft-Interview3-1-1-19-1_9_19-9.10-AM.m4a\">https:\/\/brainjusticeny.com\/wp-content\/uploads\/MFlomenhaft-Interview3-1-1-19-1_9_19-9.10-AM.m4a<\/a><\/audio>\n","protected":false},"excerpt":{"rendered":"<p>El 1 de enero de 2019, Michael Flomenhaft habl\u00f3 sobre la lesi\u00f3n cerebral traum\u00e1tica (\u00abTBI\u00bb) en el programa de radio Real Life Times News del reverendo Terry Lee. El programa atiende a los problemas que enfrenta la comunidad caribe\u00f1a de Brooklyn. Sus comentarios incluyeron una discusi\u00f3n sobre los accidentes automovil\u00edsticos como una de las principales [&hellip;]<\/p>\n","protected":false},"author":6,"featured_media":0,"comment_status":"closed","ping_status":"closed","sticky":false,"template":"","format":"standard","meta":{"footnotes":""},"categories":[41,42],"tags":[],"class_list":["post-2967","post","type-post","status-publish","format-standard","hentry","category-televised-events-and-videos-es","category-noticias"],"yoast_head":"<!-- This site is optimized with the Yoast SEO plugin v21.7 - https:\/\/yoast.com\/wordpress\/plugins\/seo\/ -->\n<title>Michael Flomenhaft habl\u00f3 sobre la lesi\u00f3n cerebral traum\u00e1tica en el programa de radio real life times news del Reverendo Terry Lee | The Flomenhaft Law Firm, PLLC<\/title>\n<meta name=\"description\" content=\"El 1 de enero de 2019, Michael Flomenhaft habl\u00f3 sobre la lesi\u00f3n cerebral traum\u00e1tica (&quot;TBI&quot;) en el programa de radio Real Life Times News del reverendo\" \/>\n<meta name=\"robots\" content=\"index, follow, max-snippet:-1, max-image-preview:large, max-video-preview:-1\" \/>\n<link rel=\"canonical\" href=\"https:\/\/brainjusticeny.com\/es\/michael-flomenhaft-hablo-sobre-la-lesion-cerebral-traumatica-en-el-programa-de-radio-real-life-times-news-del-reverendo-terry-lee-2\/\" \/>\n<meta name=\"twitter:card\" content=\"summary_large_image\" \/>\n<meta name=\"twitter:title\" content=\"Michael Flomenhaft habl\u00f3 sobre la lesi\u00f3n cerebral traum\u00e1tica en el programa de radio real life times news del Reverendo Terry Lee | The Flomenhaft Law Firm, PLLC\" \/>\n<meta name=\"twitter:description\" content=\"El 1 de enero de 2019, Michael Flomenhaft habl\u00f3 sobre la lesi\u00f3n cerebral traum\u00e1tica (&quot;TBI&quot;) en el programa de radio Real Life Times News del reverendo\" \/>\n<meta name=\"twitter:label1\" content=\"Escrito por\" \/>\n\t<meta name=\"twitter:data1\" content=\"neurolawny\" \/>\n\t<meta name=\"twitter:label2\" content=\"Tiempo de lectura\" \/>\n\t<meta name=\"twitter:data2\" content=\"1 minuto\" \/>\n<script type=\"application\/ld+json\" class=\"yoast-schema-graph\">{\"@context\":\"https:\/\/schema.org\",\"@graph\":[{\"@type\":\"Article\",\"@id\":\"https:\/\/brainjusticeny.com\/es\/michael-flomenhaft-hablo-sobre-la-lesion-cerebral-traumatica-en-el-programa-de-radio-real-life-times-news-del-reverendo-terry-lee-2\/#article\",\"isPartOf\":{\"@id\":\"https:\/\/brainjusticeny.com\/es\/michael-flomenhaft-hablo-sobre-la-lesion-cerebral-traumatica-en-el-programa-de-radio-real-life-times-news-del-reverendo-terry-lee-2\/\"},\"author\":{\"name\":\"neurolawny\",\"@id\":\"https:\/\/brainjusticeny.com\/es\/#\/schema\/person\/ba952d00c18d560b8ae60961287497e1\"},\"headline\":\"Michael Flomenhaft habl\u00f3 sobre la lesi\u00f3n cerebral traum\u00e1tica en el programa de radio real life times news del Reverendo Terry Lee\",\"datePublished\":\"2019-01-01T21:17:06+00:00\",\"dateModified\":\"2021-10-17T14:41:22+00:00\",\"mainEntityOfPage\":{\"@id\":\"https:\/\/brainjusticeny.com\/es\/michael-flomenhaft-hablo-sobre-la-lesion-cerebral-traumatica-en-el-programa-de-radio-real-life-times-news-del-reverendo-terry-lee-2\/\"},\"wordCount\":160,\"publisher\":{\"@id\":\"https:\/\/brainjusticeny.com\/es\/#organization\"},\"articleSection\":[\"Eventos Televisados, Videos, y Podcasts\",\"Noticias\"],\"inLanguage\":\"es\"},{\"@type\":\"WebPage\",\"@id\":\"https:\/\/brainjusticeny.com\/es\/michael-flomenhaft-hablo-sobre-la-lesion-cerebral-traumatica-en-el-programa-de-radio-real-life-times-news-del-reverendo-terry-lee-2\/\",\"url\":\"https:\/\/brainjusticeny.com\/es\/michael-flomenhaft-hablo-sobre-la-lesion-cerebral-traumatica-en-el-programa-de-radio-real-life-times-news-del-reverendo-terry-lee-2\/\",\"name\":\"Michael Flomenhaft habl\u00f3 sobre la lesi\u00f3n cerebral traum\u00e1tica en el programa de radio real life times news del Reverendo Terry Lee | The Flomenhaft Law Firm, PLLC\",\"isPartOf\":{\"@id\":\"https:\/\/brainjusticeny.com\/es\/#website\"},\"datePublished\":\"2019-01-01T21:17:06+00:00\",\"dateModified\":\"2021-10-17T14:41:22+00:00\",\"description\":\"El 1 de enero de 2019, Michael Flomenhaft habl\u00f3 sobre la lesi\u00f3n cerebral traum\u00e1tica (\\\"TBI\\\") en el programa de radio Real Life Times News del reverendo\",\"breadcrumb\":{\"@id\":\"https:\/\/brainjusticeny.com\/es\/michael-flomenhaft-hablo-sobre-la-lesion-cerebral-traumatica-en-el-programa-de-radio-real-life-times-news-del-reverendo-terry-lee-2\/#breadcrumb\"},\"inLanguage\":\"es\",\"potentialAction\":[{\"@type\":\"ReadAction\",\"target\":[\"https:\/\/brainjusticeny.com\/es\/michael-flomenhaft-hablo-sobre-la-lesion-cerebral-traumatica-en-el-programa-de-radio-real-life-times-news-del-reverendo-terry-lee-2\/\"]}]},{\"@type\":\"BreadcrumbList\",\"@id\":\"https:\/\/brainjusticeny.com\/es\/michael-flomenhaft-hablo-sobre-la-lesion-cerebral-traumatica-en-el-programa-de-radio-real-life-times-news-del-reverendo-terry-lee-2\/#breadcrumb\",\"itemListElement\":[{\"@type\":\"ListItem\",\"position\":1,\"name\":\"Home\",\"item\":\"https:\/\/brainjusticeny.com\/es\/\"},{\"@type\":\"ListItem\",\"position\":2,\"name\":\"Michael Flomenhaft habl\u00f3 sobre la lesi\u00f3n cerebral traum\u00e1tica en el programa de radio real life times news del Reverendo Terry Lee\"}]},{\"@type\":\"WebSite\",\"@id\":\"https:\/\/brainjusticeny.com\/es\/#website\",\"url\":\"https:\/\/brainjusticeny.com\/es\/\",\"name\":\"The Flomenhaft Law Firm, PLLC\",\"description\":\"Lawyers for the traumatically brain injured or negligence victims suffering severe chronic pain\",\"publisher\":{\"@id\":\"https:\/\/brainjusticeny.com\/es\/#organization\"},\"potentialAction\":[{\"@type\":\"SearchAction\",\"target\":{\"@type\":\"EntryPoint\",\"urlTemplate\":\"https:\/\/brainjusticeny.com\/es\/?s={search_term_string}\"},\"query-input\":\"required name=search_term_string\"}],\"inLanguage\":\"es\"},{\"@type\":\"Organization\",\"@id\":\"https:\/\/brainjusticeny.com\/es\/#organization\",\"name\":\"The Flomenhaft Law Firm, PLLC\",\"url\":\"https:\/\/brainjusticeny.com\/es\/\",\"logo\":{\"@type\":\"ImageObject\",\"inLanguage\":\"es\",\"@id\":\"https:\/\/brainjusticeny.com\/es\/#\/schema\/logo\/image\/\",\"url\":\"https:\/\/brainjusticeny.com\/wp-content\/uploads\/flomenhaft-logo-pllc-1.jpg\",\"contentUrl\":\"https:\/\/brainjusticeny.com\/wp-content\/uploads\/flomenhaft-logo-pllc-1.jpg\",\"width\":229,\"height\":52,\"caption\":\"The Flomenhaft Law Firm, PLLC\"},\"image\":{\"@id\":\"https:\/\/brainjusticeny.com\/es\/#\/schema\/logo\/image\/\"}},{\"@type\":\"Person\",\"@id\":\"https:\/\/brainjusticeny.com\/es\/#\/schema\/person\/ba952d00c18d560b8ae60961287497e1\",\"name\":\"neurolawny\",\"url\":\"https:\/\/brainjusticeny.com\/es\/author\/neurolawny\/\"}]}<\/script>\n<!-- \/ Yoast SEO plugin. -->","yoast_head_json":{"title":"Michael Flomenhaft habl\u00f3 sobre la lesi\u00f3n cerebral traum\u00e1tica en el programa de radio real life times news del Reverendo Terry Lee | The Flomenhaft Law Firm, PLLC","description":"El 1 de enero de 2019, Michael Flomenhaft habl\u00f3 sobre la lesi\u00f3n cerebral traum\u00e1tica (\"TBI\") en el programa de radio Real Life Times News del reverendo","robots":{"index":"index","follow":"follow","max-snippet":"max-snippet:-1","max-image-preview":"max-image-preview:large","max-video-preview":"max-video-preview:-1"},"canonical":"https:\/\/brainjusticeny.com\/es\/michael-flomenhaft-hablo-sobre-la-lesion-cerebral-traumatica-en-el-programa-de-radio-real-life-times-news-del-reverendo-terry-lee-2\/","twitter_card":"summary_large_image","twitter_title":"Michael Flomenhaft habl\u00f3 sobre la lesi\u00f3n cerebral traum\u00e1tica en el programa de radio real life times news del Reverendo Terry Lee | The Flomenhaft Law Firm, PLLC","twitter_description":"El 1 de enero de 2019, Michael Flomenhaft habl\u00f3 sobre la lesi\u00f3n cerebral traum\u00e1tica (\"TBI\") en el programa de radio Real Life Times News del reverendo","twitter_misc":{"Escrito por":"neurolawny","Tiempo de lectura":"1 minuto"},"schema":{"@context":"https:\/\/schema.org","@graph":[{"@type":"Article","@id":"https:\/\/brainjusticeny.com\/es\/michael-flomenhaft-hablo-sobre-la-lesion-cerebral-traumatica-en-el-programa-de-radio-real-life-times-news-del-reverendo-terry-lee-2\/#article","isPartOf":{"@id":"https:\/\/brainjusticeny.com\/es\/michael-flomenhaft-hablo-sobre-la-lesion-cerebral-traumatica-en-el-programa-de-radio-real-life-times-news-del-reverendo-terry-lee-2\/"},"author":{"name":"neurolawny","@id":"https:\/\/brainjusticeny.com\/es\/#\/schema\/person\/ba952d00c18d560b8ae60961287497e1"},"headline":"Michael Flomenhaft habl\u00f3 sobre la lesi\u00f3n cerebral traum\u00e1tica en el programa de radio real life times news del Reverendo Terry Lee","datePublished":"2019-01-01T21:17:06+00:00","dateModified":"2021-10-17T14:41:22+00:00","mainEntityOfPage":{"@id":"https:\/\/brainjusticeny.com\/es\/michael-flomenhaft-hablo-sobre-la-lesion-cerebral-traumatica-en-el-programa-de-radio-real-life-times-news-del-reverendo-terry-lee-2\/"},"wordCount":160,"publisher":{"@id":"https:\/\/brainjusticeny.com\/es\/#organization"},"articleSection":["Eventos Televisados, Videos, y Podcasts","Noticias"],"inLanguage":"es"},{"@type":"WebPage","@id":"https:\/\/brainjusticeny.com\/es\/michael-flomenhaft-hablo-sobre-la-lesion-cerebral-traumatica-en-el-programa-de-radio-real-life-times-news-del-reverendo-terry-lee-2\/","url":"https:\/\/brainjusticeny.com\/es\/michael-flomenhaft-hablo-sobre-la-lesion-cerebral-traumatica-en-el-programa-de-radio-real-life-times-news-del-reverendo-terry-lee-2\/","name":"Michael Flomenhaft habl\u00f3 sobre la lesi\u00f3n cerebral traum\u00e1tica en el programa de radio real life times news del Reverendo Terry Lee | The Flomenhaft Law Firm, PLLC","isPartOf":{"@id":"https:\/\/brainjusticeny.com\/es\/#website"},"datePublished":"2019-01-01T21:17:06+00:00","dateModified":"2021-10-17T14:41:22+00:00","description":"El 1 de enero de 2019, Michael Flomenhaft habl\u00f3 sobre la lesi\u00f3n cerebral traum\u00e1tica (\"TBI\") en el programa de radio Real Life Times News del reverendo","breadcrumb":{"@id":"https:\/\/brainjusticeny.com\/es\/michael-flomenhaft-hablo-sobre-la-lesion-cerebral-traumatica-en-el-programa-de-radio-real-life-times-news-del-reverendo-terry-lee-2\/#breadcrumb"},"inLanguage":"es","potentialAction":[{"@type":"ReadAction","target":["https:\/\/brainjusticeny.com\/es\/michael-flomenhaft-hablo-sobre-la-lesion-cerebral-traumatica-en-el-programa-de-radio-real-life-times-news-del-reverendo-terry-lee-2\/"]}]},{"@type":"BreadcrumbList","@id":"https:\/\/brainjusticeny.com\/es\/michael-flomenhaft-hablo-sobre-la-lesion-cerebral-traumatica-en-el-programa-de-radio-real-life-times-news-del-reverendo-terry-lee-2\/#breadcrumb","itemListElement":[{"@type":"ListItem","position":1,"name":"Home","item":"https:\/\/brainjusticeny.com\/es\/"},{"@type":"ListItem","position":2,"name":"Michael Flomenhaft habl\u00f3 sobre la lesi\u00f3n cerebral traum\u00e1tica en el programa de radio real life times news del Reverendo Terry Lee"}]},{"@type":"WebSite","@id":"https:\/\/brainjusticeny.com\/es\/#website","url":"https:\/\/brainjusticeny.com\/es\/","name":"The Flomenhaft Law Firm, PLLC","description":"Lawyers for the traumatically brain injured or negligence victims suffering severe chronic pain","publisher":{"@id":"https:\/\/brainjusticeny.com\/es\/#organization"},"potentialAction":[{"@type":"SearchAction","target":{"@type":"EntryPoint","urlTemplate":"https:\/\/brainjusticeny.com\/es\/?s={search_term_string}"},"query-input":"required name=search_term_string"}],"inLanguage":"es"},{"@type":"Organization","@id":"https:\/\/brainjusticeny.com\/es\/#organization","name":"The Flomenhaft Law Firm, PLLC","url":"https:\/\/brainjusticeny.com\/es\/","logo":{"@type":"ImageObject","inLanguage":"es","@id":"https:\/\/brainjusticeny.com\/es\/#\/schema\/logo\/image\/","url":"https:\/\/brainjusticeny.com\/wp-content\/uploads\/flomenhaft-logo-pllc-1.jpg","contentUrl":"https:\/\/brainjusticeny.com\/wp-content\/uploads\/flomenhaft-logo-pllc-1.jpg","width":229,"height":52,"caption":"The Flomenhaft Law Firm, PLLC"},"image":{"@id":"https:\/\/brainjusticeny.com\/es\/#\/schema\/logo\/image\/"}},{"@type":"Person","@id":"https:\/\/brainjusticeny.com\/es\/#\/schema\/person\/ba952d00c18d560b8ae60961287497e1","name":"neurolawny","url":"https:\/\/brainjusticeny.com\/es\/author\/neurolawny\/"}]}},"_links":{"self":[{"href":"https:\/\/brainjusticeny.com\/es\/wp-json\/wp\/v2\/posts\/2967","targetHints":{"allow":["GET"]}}],"collection":[{"href":"https:\/\/brainjusticeny.com\/es\/wp-json\/wp\/v2\/posts"}],"about":[{"href":"https:\/\/brainjusticeny.com\/es\/wp-json\/wp\/v2\/types\/post"}],"author":[{"embeddable":true,"href":"https:\/\/brainjusticeny.com\/es\/wp-json\/wp\/v2\/users\/6"}],"replies":[{"embeddable":true,"href":"https:\/\/brainjusticeny.com\/es\/wp-json\/wp\/v2\/comments?post=2967"}],"version-history":[{"count":0,"href":"https:\/\/brainjusticeny.com\/es\/wp-json\/wp\/v2\/posts\/2967\/revisions"}],"wp:attachment":[{"href":"https:\/\/brainjusticeny.com\/es\/wp-json\/wp\/v2\/media?parent=2967"}],"wp:term":[{"taxonomy":"category","embeddable":true,"href":"https:\/\/brainjusticeny.com\/es\/wp-json\/wp\/v2\/categories?post=2967"},{"taxonomy":"post_tag","embeddable":true,"href":"https:\/\/brainjusticeny.com\/es\/wp-json\/wp\/v2\/tags?post=2967"}],"curies":[{"name":"wp","href":"https:\/\/api.w.org\/{rel}","templated":true}]}}