{"id":2876,"date":"2014-11-20T16:44:34","date_gmt":"2014-11-20T21:44:34","guid":{"rendered":"https:\/\/brainjusticeny.com\/?p=2876"},"modified":"2021-10-17T10:21:14","modified_gmt":"2021-10-17T14:21:14","slug":"michael-flomenhaft-presidio-y-presento-en-la-historica-jornada-neuroscience-in-the-courtroom-en-la-facultad-de-derecho-de-fordham","status":"publish","type":"post","link":"https:\/\/brainjusticeny.com\/es\/michael-flomenhaft-presidio-y-presento-en-la-historica-jornada-neuroscience-in-the-courtroom-en-la-facultad-de-derecho-de-fordham\/","title":{"rendered":"Michael Flomenhaft presidi\u00f3 y present\u00f3 en la hist\u00f3rica jornada: \u201cNeuroscience in the Courtroom\u201d en la Facultad de Derecho de Fordham"},"content":{"rendered":"<p>Michael Flomenhaft, junto con Benedene Cannata, presidi\u00f3 y moder\u00f3 los paneles, y fue un destacado ponente en una jornada de cursos judiciales de educaci\u00f3n continua (CLE) en la Facultad de Derecho de Fordham: \u201cNeuroscience in the Courtroom.\u201d Esta hist\u00f3rica conferencia present\u00f3 varios paneles que abarcaban el tema de c\u00f3mo el conocimiento y la aplicaci\u00f3n de la neurociencia sustentan en gran medida la prueba de que las lesiones cerebrales, el dolor, y el cerebro se relacionan con el comportamiento humano.<\/p>\n<p><a href=\"https:\/\/calendars.fordham.edu\/EventList.aspx?fromdate=11\/20\/2014&amp;todate=11\/20\/2014&amp;display=Day&amp;type=public&amp;eventidn=3887&amp;view=EventDetails&amp;information_id=9711\"><strong>Acerca de la Conferencia<\/strong><\/a><\/p>\n<p><iframe title=\"Michael Flomenhaft Opening Remarks: Neuroscience in the Courtoom\" width=\"800\" height=\"450\" src=\"https:\/\/www.youtube.com\/embed\/9fRvw0_GA9g?feature=oembed\" frameborder=\"0\" allow=\"accelerometer; autoplay; clipboard-write; encrypted-media; gyroscope; picture-in-picture\" allowfullscreen><\/iframe><br \/>\nDiscurso de apertura de Michael Flomenhaft, Esq.<\/p>\n<p><img fetchpriority=\"high\" decoding=\"async\" class=\"thumbnail\" src=\"https:\/\/brainjusticeny.com\/wp-content\/uploads\/\/20141120_104554_0022-1024x576.jpg\" alt=\"\" width=\"628\" height=\"441\" \/><br \/>\nMichael Flomenhaft habla sobre la tomograf\u00eda cuantitativa por emisi\u00f3n de positrones (Quantitative PET Scan)<\/p>\n","protected":false},"excerpt":{"rendered":"<p>Michael Flomenhaft, junto con Benedene Cannata, presidi\u00f3 y moder\u00f3 los paneles, y fue un destacado ponente en una jornada de cursos judiciales de educaci\u00f3n continua (CLE) en la Facultad de Derecho de Fordham: \u201cNeuroscience in the Courtroom.\u201d Esta hist\u00f3rica conferencia present\u00f3 varios paneles que abarcaban el tema de c\u00f3mo el conocimiento y la aplicaci\u00f3n de [&hellip;]<\/p>\n","protected":false},"author":6,"featured_media":0,"comment_status":"closed","ping_status":"closed","sticky":false,"template":"","format":"standard","meta":{"footnotes":""},"categories":[41,42],"tags":[],"class_list":["post-2876","post","type-post","status-publish","format-standard","hentry","category-televised-events-and-videos-es","category-noticias"],"yoast_head":"<!-- This site is optimized with the Yoast SEO plugin v21.7 - https:\/\/yoast.com\/wordpress\/plugins\/seo\/ -->\n<title>Michael Flomenhaft presidi\u00f3 y present\u00f3 en la hist\u00f3rica jornada: \u201cNeuroscience in the Courtroom\u201d en la Facultad de Derecho de Fordham | The Flomenhaft Law Firm, PLLC<\/title>\n<meta name=\"description\" content=\"Michael Flomenhaft, junto con Benedene Cannata, presidi\u00f3 y moder\u00f3 los paneles, y fue un destacado ponente en una jornada de cursos judiciales de educaci\u00f3n\" \/>\n<meta name=\"robots\" content=\"index, follow, max-snippet:-1, max-image-preview:large, max-video-preview:-1\" \/>\n<link rel=\"canonical\" href=\"https:\/\/brainjusticeny.com\/es\/michael-flomenhaft-presidio-y-presento-en-la-historica-jornada-neuroscience-in-the-courtroom-en-la-facultad-de-derecho-de-fordham\/\" \/>\n<meta name=\"twitter:card\" content=\"summary_large_image\" \/>\n<meta name=\"twitter:title\" content=\"Michael Flomenhaft presidi\u00f3 y present\u00f3 en la hist\u00f3rica jornada: \u201cNeuroscience in the Courtroom\u201d en la Facultad de Derecho de Fordham | The Flomenhaft Law Firm, PLLC\" \/>\n<meta name=\"twitter:description\" content=\"Michael Flomenhaft, junto con Benedene Cannata, presidi\u00f3 y moder\u00f3 los paneles, y fue un destacado ponente en una jornada de cursos judiciales de educaci\u00f3n\" \/>\n<meta name=\"twitter:image\" content=\"https:\/\/brainjusticeny.com\/wp-content\/uploads\/\/20141120_104554_0022-1024x576.jpg\" \/>\n<meta name=\"twitter:label1\" content=\"Escrito por\" \/>\n\t<meta name=\"twitter:data1\" content=\"neurolawny\" \/>\n\t<meta name=\"twitter:label2\" content=\"Tiempo de lectura\" \/>\n\t<meta name=\"twitter:data2\" content=\"1 minuto\" \/>\n<script type=\"application\/ld+json\" class=\"yoast-schema-graph\">{\"@context\":\"https:\/\/schema.org\",\"@graph\":[{\"@type\":\"Article\",\"@id\":\"https:\/\/brainjusticeny.com\/es\/michael-flomenhaft-presidio-y-presento-en-la-historica-jornada-neuroscience-in-the-courtroom-en-la-facultad-de-derecho-de-fordham\/#article\",\"isPartOf\":{\"@id\":\"https:\/\/brainjusticeny.com\/es\/michael-flomenhaft-presidio-y-presento-en-la-historica-jornada-neuroscience-in-the-courtroom-en-la-facultad-de-derecho-de-fordham\/\"},\"author\":{\"name\":\"neurolawny\",\"@id\":\"https:\/\/brainjusticeny.com\/es\/#\/schema\/person\/ba952d00c18d560b8ae60961287497e1\"},\"headline\":\"Michael Flomenhaft presidi\u00f3 y present\u00f3 en la hist\u00f3rica jornada: \u201cNeuroscience in the Courtroom\u201d en la Facultad de Derecho de Fordham\",\"datePublished\":\"2014-11-20T21:44:34+00:00\",\"dateModified\":\"2021-10-17T14:21:14+00:00\",\"mainEntityOfPage\":{\"@id\":\"https:\/\/brainjusticeny.com\/es\/michael-flomenhaft-presidio-y-presento-en-la-historica-jornada-neuroscience-in-the-courtroom-en-la-facultad-de-derecho-de-fordham\/\"},\"wordCount\":140,\"publisher\":{\"@id\":\"https:\/\/brainjusticeny.com\/es\/#organization\"},\"articleSection\":[\"Eventos Televisados, Videos, y Podcasts\",\"Noticias\"],\"inLanguage\":\"es\"},{\"@type\":\"WebPage\",\"@id\":\"https:\/\/brainjusticeny.com\/es\/michael-flomenhaft-presidio-y-presento-en-la-historica-jornada-neuroscience-in-the-courtroom-en-la-facultad-de-derecho-de-fordham\/\",\"url\":\"https:\/\/brainjusticeny.com\/es\/michael-flomenhaft-presidio-y-presento-en-la-historica-jornada-neuroscience-in-the-courtroom-en-la-facultad-de-derecho-de-fordham\/\",\"name\":\"Michael Flomenhaft presidi\u00f3 y present\u00f3 en la hist\u00f3rica jornada: \u201cNeuroscience in the Courtroom\u201d en la Facultad de Derecho de Fordham | The Flomenhaft Law Firm, PLLC\",\"isPartOf\":{\"@id\":\"https:\/\/brainjusticeny.com\/es\/#website\"},\"datePublished\":\"2014-11-20T21:44:34+00:00\",\"dateModified\":\"2021-10-17T14:21:14+00:00\",\"description\":\"Michael Flomenhaft, junto con Benedene Cannata, presidi\u00f3 y moder\u00f3 los paneles, y fue un destacado ponente en una jornada de cursos judiciales de educaci\u00f3n\",\"breadcrumb\":{\"@id\":\"https:\/\/brainjusticeny.com\/es\/michael-flomenhaft-presidio-y-presento-en-la-historica-jornada-neuroscience-in-the-courtroom-en-la-facultad-de-derecho-de-fordham\/#breadcrumb\"},\"inLanguage\":\"es\",\"potentialAction\":[{\"@type\":\"ReadAction\",\"target\":[\"https:\/\/brainjusticeny.com\/es\/michael-flomenhaft-presidio-y-presento-en-la-historica-jornada-neuroscience-in-the-courtroom-en-la-facultad-de-derecho-de-fordham\/\"]}]},{\"@type\":\"BreadcrumbList\",\"@id\":\"https:\/\/brainjusticeny.com\/es\/michael-flomenhaft-presidio-y-presento-en-la-historica-jornada-neuroscience-in-the-courtroom-en-la-facultad-de-derecho-de-fordham\/#breadcrumb\",\"itemListElement\":[{\"@type\":\"ListItem\",\"position\":1,\"name\":\"Home\",\"item\":\"https:\/\/brainjusticeny.com\/es\/\"},{\"@type\":\"ListItem\",\"position\":2,\"name\":\"Michael Flomenhaft presidi\u00f3 y present\u00f3 en la hist\u00f3rica jornada: \u201cNeuroscience in the Courtroom\u201d en la Facultad de Derecho de Fordham\"}]},{\"@type\":\"WebSite\",\"@id\":\"https:\/\/brainjusticeny.com\/es\/#website\",\"url\":\"https:\/\/brainjusticeny.com\/es\/\",\"name\":\"The Flomenhaft Law Firm, PLLC\",\"description\":\"Lawyers for the traumatically brain injured or negligence victims suffering severe chronic pain\",\"publisher\":{\"@id\":\"https:\/\/brainjusticeny.com\/es\/#organization\"},\"potentialAction\":[{\"@type\":\"SearchAction\",\"target\":{\"@type\":\"EntryPoint\",\"urlTemplate\":\"https:\/\/brainjusticeny.com\/es\/?s={search_term_string}\"},\"query-input\":\"required name=search_term_string\"}],\"inLanguage\":\"es\"},{\"@type\":\"Organization\",\"@id\":\"https:\/\/brainjusticeny.com\/es\/#organization\",\"name\":\"The Flomenhaft Law Firm, PLLC\",\"url\":\"https:\/\/brainjusticeny.com\/es\/\",\"logo\":{\"@type\":\"ImageObject\",\"inLanguage\":\"es\",\"@id\":\"https:\/\/brainjusticeny.com\/es\/#\/schema\/logo\/image\/\",\"url\":\"https:\/\/brainjusticeny.com\/wp-content\/uploads\/flomenhaft-logo-pllc-1.jpg\",\"contentUrl\":\"https:\/\/brainjusticeny.com\/wp-content\/uploads\/flomenhaft-logo-pllc-1.jpg\",\"width\":229,\"height\":52,\"caption\":\"The Flomenhaft Law Firm, PLLC\"},\"image\":{\"@id\":\"https:\/\/brainjusticeny.com\/es\/#\/schema\/logo\/image\/\"}},{\"@type\":\"Person\",\"@id\":\"https:\/\/brainjusticeny.com\/es\/#\/schema\/person\/ba952d00c18d560b8ae60961287497e1\",\"name\":\"neurolawny\",\"url\":\"https:\/\/brainjusticeny.com\/es\/author\/neurolawny\/\"}]}<\/script>\n<!-- \/ Yoast SEO plugin. -->","yoast_head_json":{"title":"Michael Flomenhaft presidi\u00f3 y present\u00f3 en la hist\u00f3rica jornada: \u201cNeuroscience in the Courtroom\u201d en la Facultad de Derecho de Fordham | The Flomenhaft Law Firm, PLLC","description":"Michael Flomenhaft, junto con Benedene Cannata, presidi\u00f3 y moder\u00f3 los paneles, y fue un destacado ponente en una jornada de cursos judiciales de educaci\u00f3n","robots":{"index":"index","follow":"follow","max-snippet":"max-snippet:-1","max-image-preview":"max-image-preview:large","max-video-preview":"max-video-preview:-1"},"canonical":"https:\/\/brainjusticeny.com\/es\/michael-flomenhaft-presidio-y-presento-en-la-historica-jornada-neuroscience-in-the-courtroom-en-la-facultad-de-derecho-de-fordham\/","twitter_card":"summary_large_image","twitter_title":"Michael Flomenhaft presidi\u00f3 y present\u00f3 en la hist\u00f3rica jornada: \u201cNeuroscience in the Courtroom\u201d en la Facultad de Derecho de Fordham | The Flomenhaft Law Firm, PLLC","twitter_description":"Michael Flomenhaft, junto con Benedene Cannata, presidi\u00f3 y moder\u00f3 los paneles, y fue un destacado ponente en una jornada de cursos judiciales de educaci\u00f3n","twitter_image":"https:\/\/brainjusticeny.com\/wp-content\/uploads\/\/20141120_104554_0022-1024x576.jpg","twitter_misc":{"Escrito por":"neurolawny","Tiempo de lectura":"1 minuto"},"schema":{"@context":"https:\/\/schema.org","@graph":[{"@type":"Article","@id":"https:\/\/brainjusticeny.com\/es\/michael-flomenhaft-presidio-y-presento-en-la-historica-jornada-neuroscience-in-the-courtroom-en-la-facultad-de-derecho-de-fordham\/#article","isPartOf":{"@id":"https:\/\/brainjusticeny.com\/es\/michael-flomenhaft-presidio-y-presento-en-la-historica-jornada-neuroscience-in-the-courtroom-en-la-facultad-de-derecho-de-fordham\/"},"author":{"name":"neurolawny","@id":"https:\/\/brainjusticeny.com\/es\/#\/schema\/person\/ba952d00c18d560b8ae60961287497e1"},"headline":"Michael Flomenhaft presidi\u00f3 y present\u00f3 en la hist\u00f3rica jornada: \u201cNeuroscience in the Courtroom\u201d en la Facultad de Derecho de Fordham","datePublished":"2014-11-20T21:44:34+00:00","dateModified":"2021-10-17T14:21:14+00:00","mainEntityOfPage":{"@id":"https:\/\/brainjusticeny.com\/es\/michael-flomenhaft-presidio-y-presento-en-la-historica-jornada-neuroscience-in-the-courtroom-en-la-facultad-de-derecho-de-fordham\/"},"wordCount":140,"publisher":{"@id":"https:\/\/brainjusticeny.com\/es\/#organization"},"articleSection":["Eventos Televisados, Videos, y Podcasts","Noticias"],"inLanguage":"es"},{"@type":"WebPage","@id":"https:\/\/brainjusticeny.com\/es\/michael-flomenhaft-presidio-y-presento-en-la-historica-jornada-neuroscience-in-the-courtroom-en-la-facultad-de-derecho-de-fordham\/","url":"https:\/\/brainjusticeny.com\/es\/michael-flomenhaft-presidio-y-presento-en-la-historica-jornada-neuroscience-in-the-courtroom-en-la-facultad-de-derecho-de-fordham\/","name":"Michael Flomenhaft presidi\u00f3 y present\u00f3 en la hist\u00f3rica jornada: \u201cNeuroscience in the Courtroom\u201d en la Facultad de Derecho de Fordham | The Flomenhaft Law Firm, PLLC","isPartOf":{"@id":"https:\/\/brainjusticeny.com\/es\/#website"},"datePublished":"2014-11-20T21:44:34+00:00","dateModified":"2021-10-17T14:21:14+00:00","description":"Michael Flomenhaft, junto con Benedene Cannata, presidi\u00f3 y moder\u00f3 los paneles, y fue un destacado ponente en una jornada de cursos judiciales de educaci\u00f3n","breadcrumb":{"@id":"https:\/\/brainjusticeny.com\/es\/michael-flomenhaft-presidio-y-presento-en-la-historica-jornada-neuroscience-in-the-courtroom-en-la-facultad-de-derecho-de-fordham\/#breadcrumb"},"inLanguage":"es","potentialAction":[{"@type":"ReadAction","target":["https:\/\/brainjusticeny.com\/es\/michael-flomenhaft-presidio-y-presento-en-la-historica-jornada-neuroscience-in-the-courtroom-en-la-facultad-de-derecho-de-fordham\/"]}]},{"@type":"BreadcrumbList","@id":"https:\/\/brainjusticeny.com\/es\/michael-flomenhaft-presidio-y-presento-en-la-historica-jornada-neuroscience-in-the-courtroom-en-la-facultad-de-derecho-de-fordham\/#breadcrumb","itemListElement":[{"@type":"ListItem","position":1,"name":"Home","item":"https:\/\/brainjusticeny.com\/es\/"},{"@type":"ListItem","position":2,"name":"Michael Flomenhaft presidi\u00f3 y present\u00f3 en la hist\u00f3rica jornada: \u201cNeuroscience in the Courtroom\u201d en la Facultad de Derecho de Fordham"}]},{"@type":"WebSite","@id":"https:\/\/brainjusticeny.com\/es\/#website","url":"https:\/\/brainjusticeny.com\/es\/","name":"The Flomenhaft Law Firm, PLLC","description":"Lawyers for the traumatically brain injured or negligence victims suffering severe chronic pain","publisher":{"@id":"https:\/\/brainjusticeny.com\/es\/#organization"},"potentialAction":[{"@type":"SearchAction","target":{"@type":"EntryPoint","urlTemplate":"https:\/\/brainjusticeny.com\/es\/?s={search_term_string}"},"query-input":"required name=search_term_string"}],"inLanguage":"es"},{"@type":"Organization","@id":"https:\/\/brainjusticeny.com\/es\/#organization","name":"The Flomenhaft Law Firm, PLLC","url":"https:\/\/brainjusticeny.com\/es\/","logo":{"@type":"ImageObject","inLanguage":"es","@id":"https:\/\/brainjusticeny.com\/es\/#\/schema\/logo\/image\/","url":"https:\/\/brainjusticeny.com\/wp-content\/uploads\/flomenhaft-logo-pllc-1.jpg","contentUrl":"https:\/\/brainjusticeny.com\/wp-content\/uploads\/flomenhaft-logo-pllc-1.jpg","width":229,"height":52,"caption":"The Flomenhaft Law Firm, PLLC"},"image":{"@id":"https:\/\/brainjusticeny.com\/es\/#\/schema\/logo\/image\/"}},{"@type":"Person","@id":"https:\/\/brainjusticeny.com\/es\/#\/schema\/person\/ba952d00c18d560b8ae60961287497e1","name":"neurolawny","url":"https:\/\/brainjusticeny.com\/es\/author\/neurolawny\/"}]}},"_links":{"self":[{"href":"https:\/\/brainjusticeny.com\/es\/wp-json\/wp\/v2\/posts\/2876","targetHints":{"allow":["GET"]}}],"collection":[{"href":"https:\/\/brainjusticeny.com\/es\/wp-json\/wp\/v2\/posts"}],"about":[{"href":"https:\/\/brainjusticeny.com\/es\/wp-json\/wp\/v2\/types\/post"}],"author":[{"embeddable":true,"href":"https:\/\/brainjusticeny.com\/es\/wp-json\/wp\/v2\/users\/6"}],"replies":[{"embeddable":true,"href":"https:\/\/brainjusticeny.com\/es\/wp-json\/wp\/v2\/comments?post=2876"}],"version-history":[{"count":0,"href":"https:\/\/brainjusticeny.com\/es\/wp-json\/wp\/v2\/posts\/2876\/revisions"}],"wp:attachment":[{"href":"https:\/\/brainjusticeny.com\/es\/wp-json\/wp\/v2\/media?parent=2876"}],"wp:term":[{"taxonomy":"category","embeddable":true,"href":"https:\/\/brainjusticeny.com\/es\/wp-json\/wp\/v2\/categories?post=2876"},{"taxonomy":"post_tag","embeddable":true,"href":"https:\/\/brainjusticeny.com\/es\/wp-json\/wp\/v2\/tags?post=2876"}],"curies":[{"name":"wp","href":"https:\/\/api.w.org\/{rel}","templated":true}]}}